[{"@context":"https:\/\/schema.org\/","@type":"Article","@id":"https:\/\/www.aspczech.cz\/spanelsko-aneb-predstavme-si-trochu-baskicky-region\/#Article","mainEntityOfPage":"https:\/\/www.aspczech.cz\/spanelsko-aneb-predstavme-si-trochu-baskicky-region\/","headline":"\u0160pan\u011blsko aneb p\u0159edstavme si trochu baskick\u00fd region","name":"\u0160pan\u011blsko aneb p\u0159edstavme si trochu baskick\u00fd region","description":"Nez\u00e1visl\u00e9 a hrd\u00e9, p\u0159esto v\u0161ak form\u00e1ln\u011b pat\u0159\u00edc\u00ed pod \u0161pan\u011blskou svrchovanost. \u0160pan\u011blsko nen\u00ed jen Madrid, Sevilla nebo Granada, pod\u00edvat se mus\u00edme i na sever. Nejen Katal\u00e1nsko, ale tak\u00e9 baskick\u00fd sv\u011bt, kter\u00fd \u017eije sv\u00fdm vlastn\u00edm \u017eivotem a nem\u00e1 r\u00e1d jak\u00e9koliv vn\u011bj\u0161\u00ed vlivy. [&hellip;]","datePublished":"2020-11-07","dateModified":"2023-04-26","author":{"@type":"Person","@id":"https:\/\/www.aspczech.cz\/author\/#Person","name":"aspczech.cz\n","url":"https:\/\/www.aspczech.cz\/author\/","identifier":1,"image":{"@type":"ImageObject","@id":"https:\/\/secure.gravatar.com\/avatar\/40308b9402d145b1dc164f447b6506e9dadca8c8362c3ffb52df95e789c0fd10?s=96&d=mm&r=g","url":"https:\/\/secure.gravatar.com\/avatar\/40308b9402d145b1dc164f447b6506e9dadca8c8362c3ffb52df95e789c0fd10?s=96&d=mm&r=g","height":96,"width":96}},"publisher":{"@type":"Organization","name":"aspczech.cz","logo":{"@type":"ImageObject","@id":"\/logo.png","url":"\/logo.png","width":600,"height":60}},"image":{"@type":"ImageObject","@id":"https:\/\/www.aspczech.cz\/wp-content\/uploads\/42810-1200w_KBqS7n.jpg","url":"https:\/\/www.aspczech.cz\/wp-content\/uploads\/42810-1200w_KBqS7n.jpg","height":0,"width":0},"url":"https:\/\/www.aspczech.cz\/spanelsko-aneb-predstavme-si-trochu-baskicky-region\/","about":["Dovolen\u00e1"],"wordCount":368,"articleBody":"        Nez\u00e1visl\u00e9 a hrd\u00e9, p\u0159esto v\u0161ak form\u00e1ln\u011b pat\u0159\u00edc\u00ed pod \u0161pan\u011blskou svrchovanost. \u0160pan\u011blsko nen\u00ed jen Madrid, Sevilla nebo Granada, pod\u00edvat se mus\u00edme i na sever. Nejen Katal\u00e1nsko, ale tak\u00e9 baskick\u00fd sv\u011bt, kter\u00fd \u017eije sv\u00fdm vlastn\u00edm \u017eivotem a nem\u00e1 r\u00e1d jak\u00e9koliv vn\u011bj\u0161\u00ed vlivy. I proto mohli Baskov\u00e9, mal\u00fd n\u00e1rod, p\u0159e\u017e\u00edt a\u017e do dne\u0161n\u00edch \u010das\u016f. Je a\u017e symbolick\u00e9, \u017ee za fotbalov\u00e9 Athletic Bilbao nesm\u00ed nastoupit cizineck\u00e1 posila, a pr\u00e1v\u011b proto je zdej\u0161\u00ed fotbalov\u00fd klenot sestaven v\u00fdhradn\u011b z \u0159ad dom\u00e1c\u00edch. A co zaj\u00edmav\u00e9ho na n\u00e1s na severov\u00fdchod\u011b Hisp\u00e1nie \u010dek\u00e1? B\u00fd\u010d\u00ed z\u00e1pasy, ale tak\u00e9 futuristick\u00e9 stavby Dne\u0161n\u00ed \u0160pan\u011blsko nab\u00edz\u00ed mnoho zaj\u00edmav\u00fdch atrakc\u00ed, dlouhou dobu bylo nep\u0159edstaviteln\u00e9, \u017ee by se tu nem\u011bl konat \u017e\u00e1dn\u00fd b\u00fd\u010d\u00ed z\u00e1pas \u2013 ale obl\u00edben\u00e1 kratochv\u00edle se na n\u011bjak\u00fd \u010das p\u0159eci jen zastavila. Olivov\u00fd olej, paella, su\u0161en\u00e1 \u0161unka, to jsou pochutiny, kter\u00e9 si u\u017e\u00edvaj\u00ed lid\u00e9 nap\u0159\u00ed\u010d cel\u00fdm \u0160pan\u011blskem. A \u010d\u00edm dal\u0161\u00edm je je\u0161t\u011b tento kout sv\u011bta tolik typick\u00fd? Poj\u010fme se pod\u00edvat nap\u0159\u00edklad na Bilbao, m\u011bsto, je\u017e je vlastn\u011b tak\u00e9 z\u00e1stupcem futuristick\u00e9 architektury. Mezi nov\u011bj\u0161\u00ed stavby se po\u010d\u00edt\u00e1 Guggenheimovo muzeum, ale i muzeum, kter\u00e9 je v\u011bnovan\u00e9 \u0161unce. Svezete se metrem a obdivovat m\u016f\u017eete i n\u011bkolik sakr\u00e1ln\u00edch klenot\u016f, mezi nimi\u017e dominuje trojlodn\u00ed katedr\u00e1la svat\u00e9ho Jakuba. Za pozornost pak stoj\u00ed i budova radnice nebo Iberdrola dorrea, nejvy\u0161\u0161\u00ed budova ve m\u011bst\u011b, kde \u017eije tak\u0159ka 350 tis\u00edc obyvatel. Zav\u00edtejme ale i na m\u00edsto, kter\u00e9 \u017eije dodnes histori\u00ed spojenou s b\u00fd\u010d\u00edmi z\u00e1pasy. Pamplona se svou katedr\u00e1lou a 200 tis\u00edci obyvateli je centrem oblasti, kterou zn\u00e1me jako Navarru. B\u011bh s b\u00fdky v ulic\u00edch na oslavu sv. Ferm\u00edna m\u00e1 tradici v \u010dervenci a sj\u00ed\u017ed\u011bj\u00ed se sem kv\u016fli n\u011bmu turist\u00e9 z cel\u00e9ho sv\u011bta, by\u0165 jde o sv\u00e9ho druhu dosti nebezpe\u010dn\u00fd adrenalin. I v Pamplon\u011b potk\u00e1me fotbalov\u00e9 hv\u011bzdy, domov tady m\u00e1 toti\u017e slavn\u00e1 Osasuna.                                                                                                                                                                                                                                                                                                                                                                                          4.6\/5 - (5 votes)        "},{"@context":"https:\/\/schema.org\/","@type":"BreadcrumbList","itemListElement":[{"@type":"ListItem","position":1,"name":"\u0160pan\u011blsko aneb p\u0159edstavme si trochu baskick\u00fd region","item":"https:\/\/www.aspczech.cz\/spanelsko-aneb-predstavme-si-trochu-baskicky-region\/#breadcrumbitem"}]}]