{"@context":"https:\/\/schema.org\/","@type":"CollectionPage","@id":"https:\/\/www.aspczech.cz\/produkty\/#CollectionPage","headline":"Produkty Category","description":"","url":"https:\/\/www.aspczech.cz\/produkty\/","hasPart":[{"@type":"Article","@id":"https:\/\/www.aspczech.cz\/jak-vybrat-zrcadlo-na-zed\/","headline":"Jak vybrat zrcadlo na ze\u010f","url":"https:\/\/www.aspczech.cz\/jak-vybrat-zrcadlo-na-zed\/","datePublished":"2024-05-27","dateModified":"2024-05-13","mainEntityOfPage":"https:\/\/www.aspczech.cz\/jak-vybrat-zrcadlo-na-zed\/","author":{"@type":"Person","@id":"https:\/\/www.aspczech.cz\/author\/#Person","name":"aspczech.cz\n","url":"https:\/\/www.aspczech.cz\/author\/","identifier":1,"image":{"@type":"ImageObject","@id":"https:\/\/secure.gravatar.com\/avatar\/40308b9402d145b1dc164f447b6506e9dadca8c8362c3ffb52df95e789c0fd10?s=96&d=mm&r=g","url":"https:\/\/secure.gravatar.com\/avatar\/40308b9402d145b1dc164f447b6506e9dadca8c8362c3ffb52df95e789c0fd10?s=96&d=mm&r=g","height":96,"width":96}},"publisher":{"@type":"Organization","name":"aspczech.cz","logo":{"@type":"ImageObject","@id":"\/logo.png","url":"\/logo.png","width":600,"height":60}},"image":{"@type":"ImageObject","@id":"https:\/\/www.aspczech.cz\/wp-content\/uploads\/zrcadlo_W6VmjM.webp","url":"https:\/\/www.aspczech.cz\/wp-content\/uploads\/zrcadlo_W6VmjM.webp","height":0,"width":0},"keywords":null},{"@type":"Article","@id":"https:\/\/www.aspczech.cz\/coo-silver-nahrivany-tabak-inovace-pro-kuraky\/","headline":"COO Silver nah\u0159\u00edvan\u00fd tab\u00e1k: Inovace pro ku\u0159\u00e1ky","url":"https:\/\/www.aspczech.cz\/coo-silver-nahrivany-tabak-inovace-pro-kuraky\/","datePublished":"2024-01-10","dateModified":"2024-01-25","mainEntityOfPage":"https:\/\/www.aspczech.cz\/coo-silver-nahrivany-tabak-inovace-pro-kuraky\/","author":{"@type":"Person","@id":"https:\/\/www.aspczech.cz\/author\/#Person","name":"aspczech.cz\n","url":"https:\/\/www.aspczech.cz\/author\/","identifier":1,"image":{"@type":"ImageObject","@id":"https:\/\/secure.gravatar.com\/avatar\/40308b9402d145b1dc164f447b6506e9dadca8c8362c3ffb52df95e789c0fd10?s=96&d=mm&r=g","url":"https:\/\/secure.gravatar.com\/avatar\/40308b9402d145b1dc164f447b6506e9dadca8c8362c3ffb52df95e789c0fd10?s=96&d=mm&r=g","height":96,"width":96}},"publisher":{"@type":"Organization","name":"aspczech.cz","logo":{"@type":"ImageObject","@id":"\/logo.png","url":"\/logo.png","width":600,"height":60}},"image":{"@type":"ImageObject","@id":"https:\/\/www.aspczech.cz\/wp-content\/uploads\/COO_silver_vYL1u8.png","url":"https:\/\/www.aspczech.cz\/wp-content\/uploads\/COO_silver_vYL1u8.png","height":0,"width":0},"keywords":null},{"@type":"Article","@id":"https:\/\/www.aspczech.cz\/zazrak-nebo-zkaza\/","headline":"Z\u00e1zrak nebo zk\u00e1za","url":"https:\/\/www.aspczech.cz\/zazrak-nebo-zkaza\/","datePublished":"2023-12-14","dateModified":"2024-01-04","mainEntityOfPage":"https:\/\/www.aspczech.cz\/zazrak-nebo-zkaza\/","author":{"@type":"Person","@id":"https:\/\/www.aspczech.cz\/author\/#Person","name":"aspczech.cz\n","url":"https:\/\/www.aspczech.cz\/author\/","identifier":1,"image":{"@type":"ImageObject","@id":"https:\/\/secure.gravatar.com\/avatar\/40308b9402d145b1dc164f447b6506e9dadca8c8362c3ffb52df95e789c0fd10?s=96&d=mm&r=g","url":"https:\/\/secure.gravatar.com\/avatar\/40308b9402d145b1dc164f447b6506e9dadca8c8362c3ffb52df95e789c0fd10?s=96&d=mm&r=g","height":96,"width":96}},"publisher":{"@type":"Organization","name":"aspczech.cz","logo":{"@type":"ImageObject","@id":"\/logo.png","url":"\/logo.png","width":600,"height":60}},"image":{"@type":"ImageObject","@id":"https:\/\/www.aspczech.cz\/wp-content\/uploads\/kratom_21WJdL.png","url":"https:\/\/www.aspczech.cz\/wp-content\/uploads\/kratom_21WJdL.png","height":0,"width":0},"keywords":null},{"@type":"Article","@id":"https:\/\/www.aspczech.cz\/kamen-ktery-pripomina-more\/","headline":"K\u00e1men, kter\u00fd p\u0159ipom\u00edn\u00e1 mo\u0159e","url":"https:\/\/www.aspczech.cz\/kamen-ktery-pripomina-more\/","datePublished":"2023-12-14","dateModified":"2023-12-20","mainEntityOfPage":"https:\/\/www.aspczech.cz\/kamen-ktery-pripomina-more\/","author":{"@type":"Person","@id":"https:\/\/www.aspczech.cz\/author\/#Person","name":"aspczech.cz\n","url":"https:\/\/www.aspczech.cz\/author\/","identifier":1,"image":{"@type":"ImageObject","@id":"https:\/\/secure.gravatar.com\/avatar\/40308b9402d145b1dc164f447b6506e9dadca8c8362c3ffb52df95e789c0fd10?s=96&d=mm&r=g","url":"https:\/\/secure.gravatar.com\/avatar\/40308b9402d145b1dc164f447b6506e9dadca8c8362c3ffb52df95e789c0fd10?s=96&d=mm&r=g","height":96,"width":96}},"publisher":{"@type":"Organization","name":"aspczech.cz","logo":{"@type":"ImageObject","@id":"\/logo.png","url":"\/logo.png","width":600,"height":60}},"image":{"@type":"ImageObject","@id":"https:\/\/www.aspczech.cz\/wp-content\/uploads\/lamimar_u5Y4IB.jpg","url":"https:\/\/www.aspczech.cz\/wp-content\/uploads\/lamimar_u5Y4IB.jpg","height":0,"width":0},"keywords":null},{"@type":"Article","@id":"https:\/\/www.aspczech.cz\/laboratorni-zkousky-podle-iso-14644-1-a-iso-8573-1\/","headline":"Laboratorn\u00ed zkou\u0161ky podle ISO 14644-1 a ISO 8573-1","url":"https:\/\/www.aspczech.cz\/laboratorni-zkousky-podle-iso-14644-1-a-iso-8573-1\/","datePublished":"2023-12-05","dateModified":"2023-12-05","mainEntityOfPage":"https:\/\/www.aspczech.cz\/laboratorni-zkousky-podle-iso-14644-1-a-iso-8573-1\/","author":{"@type":"Person","@id":"https:\/\/www.aspczech.cz\/author\/#Person","name":"aspczech.cz\n","url":"https:\/\/www.aspczech.cz\/author\/","identifier":1,"image":{"@type":"ImageObject","@id":"https:\/\/secure.gravatar.com\/avatar\/40308b9402d145b1dc164f447b6506e9dadca8c8362c3ffb52df95e789c0fd10?s=96&d=mm&r=g","url":"https:\/\/secure.gravatar.com\/avatar\/40308b9402d145b1dc164f447b6506e9dadca8c8362c3ffb52df95e789c0fd10?s=96&d=mm&r=g","height":96,"width":96}},"publisher":{"@type":"Organization","name":"aspczech.cz","logo":{"@type":"ImageObject","@id":"\/logo.png","url":"\/logo.png","width":600,"height":60}},"image":{"@type":"ImageObject","@id":"https:\/\/www.aspczech.cz\/wp-content\/uploads\/ciste_prostory_XxWUns.jpg","url":"https:\/\/www.aspczech.cz\/wp-content\/uploads\/ciste_prostory_XxWUns.jpg","height":0,"width":0},"keywords":null},{"@type":"Article","@id":"https:\/\/www.aspczech.cz\/raspberry-pi-je-mozne-jej-vyuzit-v-profesionalnich-resenich\/","headline":"Raspberry Pi \u2013 je mo\u017en\u00e9 jej vyu\u017e\u00edt v profesion\u00e1ln\u00edch \u0159e\u0161en\u00edch","url":"https:\/\/www.aspczech.cz\/raspberry-pi-je-mozne-jej-vyuzit-v-profesionalnich-resenich\/","datePublished":"2023-08-03","dateModified":"2023-09-13","mainEntityOfPage":"https:\/\/www.aspczech.cz\/raspberry-pi-je-mozne-jej-vyuzit-v-profesionalnich-resenich\/","author":{"@type":"Person","@id":"https:\/\/www.aspczech.cz\/author\/#Person","name":"aspczech.cz\n","url":"https:\/\/www.aspczech.cz\/author\/","identifier":1,"image":{"@type":"ImageObject","@id":"https:\/\/secure.gravatar.com\/avatar\/40308b9402d145b1dc164f447b6506e9dadca8c8362c3ffb52df95e789c0fd10?s=96&d=mm&r=g","url":"https:\/\/secure.gravatar.com\/avatar\/40308b9402d145b1dc164f447b6506e9dadca8c8362c3ffb52df95e789c0fd10?s=96&d=mm&r=g","height":96,"width":96}},"publisher":{"@type":"Organization","name":"aspczech.cz","logo":{"@type":"ImageObject","@id":"\/logo.png","url":"\/logo.png","width":600,"height":60}},"image":{"@type":"ImageObject","@id":"https:\/\/www.aspczech.cz\/wp-content\/uploads\/rasperry_pi_I7KyQE.webp","url":"https:\/\/www.aspczech.cz\/wp-content\/uploads\/rasperry_pi_I7KyQE.webp","height":0,"width":0},"keywords":null},{"@type":"Article","@id":"https:\/\/www.aspczech.cz\/konopi-v-lekarne\/","headline":"Konop\u00ed v l\u00e9k\u00e1rn\u011b","url":"https:\/\/www.aspczech.cz\/konopi-v-lekarne\/","datePublished":"2023-05-31","dateModified":"2023-05-31","mainEntityOfPage":"https:\/\/www.aspczech.cz\/konopi-v-lekarne\/","author":{"@type":"Person","@id":"https:\/\/www.aspczech.cz\/author\/#Person","name":"aspczech.cz\n","url":"https:\/\/www.aspczech.cz\/author\/","identifier":1,"image":{"@type":"ImageObject","@id":"https:\/\/secure.gravatar.com\/avatar\/40308b9402d145b1dc164f447b6506e9dadca8c8362c3ffb52df95e789c0fd10?s=96&d=mm&r=g","url":"https:\/\/secure.gravatar.com\/avatar\/40308b9402d145b1dc164f447b6506e9dadca8c8362c3ffb52df95e789c0fd10?s=96&d=mm&r=g","height":96,"width":96}},"publisher":{"@type":"Organization","name":"aspczech.cz","logo":{"@type":"ImageObject","@id":"\/logo.png","url":"\/logo.png","width":600,"height":60}},"image":{"@type":"ImageObject","@id":"https:\/\/www.aspczech.cz\/wp-content\/uploads\/marijuana-2690984_1280.jpg","url":"https:\/\/www.aspczech.cz\/wp-content\/uploads\/marijuana-2690984_1280.jpg","height":0,"width":0},"keywords":null},{"@type":"Article","@id":"https:\/\/www.aspczech.cz\/kocarek-pro-psa-luxusni-a-pohodlny-zpusob-prepravy-vaseho-mazlicka\/","headline":"Ko\u010d\u00e1rek pro psa: Luxusn\u00ed a pohodln\u00fd zp\u016fsob p\u0159epravy va\u0161eho mazl\u00ed\u010dka","url":"https:\/\/www.aspczech.cz\/kocarek-pro-psa-luxusni-a-pohodlny-zpusob-prepravy-vaseho-mazlicka\/","datePublished":"2023-05-26","dateModified":"2023-05-15","mainEntityOfPage":"https:\/\/www.aspczech.cz\/kocarek-pro-psa-luxusni-a-pohodlny-zpusob-prepravy-vaseho-mazlicka\/","author":{"@type":"Person","@id":"https:\/\/www.aspczech.cz\/author\/#Person","name":"aspczech.cz\n","url":"https:\/\/www.aspczech.cz\/author\/","identifier":1,"image":{"@type":"ImageObject","@id":"https:\/\/secure.gravatar.com\/avatar\/40308b9402d145b1dc164f447b6506e9dadca8c8362c3ffb52df95e789c0fd10?s=96&d=mm&r=g","url":"https:\/\/secure.gravatar.com\/avatar\/40308b9402d145b1dc164f447b6506e9dadca8c8362c3ffb52df95e789c0fd10?s=96&d=mm&r=g","height":96,"width":96}},"publisher":{"@type":"Organization","name":"aspczech.cz","logo":{"@type":"ImageObject","@id":"\/logo.png","url":"\/logo.png","width":600,"height":60}},"image":{"@type":"ImageObject","@id":"https:\/\/www.aspczech.cz\/wp-content\/uploads\/kocarek_pro_psa_ZebHk9.jpg","url":"https:\/\/www.aspczech.cz\/wp-content\/uploads\/kocarek_pro_psa_ZebHk9.jpg","height":0,"width":0},"keywords":null},{"@type":"Article","@id":"https:\/\/www.aspczech.cz\/kvalitni-stany\/","headline":"Kvalitn\u00ed stany","url":"https:\/\/www.aspczech.cz\/kvalitni-stany\/","datePublished":"2023-05-24","dateModified":"2023-06-01","mainEntityOfPage":"https:\/\/www.aspczech.cz\/kvalitni-stany\/","author":{"@type":"Person","@id":"https:\/\/www.aspczech.cz\/author\/#Person","name":"aspczech.cz\n","url":"https:\/\/www.aspczech.cz\/author\/","identifier":1,"image":{"@type":"ImageObject","@id":"https:\/\/secure.gravatar.com\/avatar\/40308b9402d145b1dc164f447b6506e9dadca8c8362c3ffb52df95e789c0fd10?s=96&d=mm&r=g","url":"https:\/\/secure.gravatar.com\/avatar\/40308b9402d145b1dc164f447b6506e9dadca8c8362c3ffb52df95e789c0fd10?s=96&d=mm&r=g","height":96,"width":96}},"publisher":{"@type":"Organization","name":"aspczech.cz","logo":{"@type":"ImageObject","@id":"\/logo.png","url":"\/logo.png","width":600,"height":60}},"image":{"@type":"ImageObject","@id":"https:\/\/www.aspczech.cz\/wp-content\/uploads\/party-gefa097b19_640_3.jpg","url":"https:\/\/www.aspczech.cz\/wp-content\/uploads\/party-gefa097b19_640_3.jpg","height":0,"width":0},"keywords":null},{"@type":"Article","@id":"https:\/\/www.aspczech.cz\/slevy-a-akce-na-alza-cz\/","headline":"Slevy a akce na Alza.cz","url":"https:\/\/www.aspczech.cz\/slevy-a-akce-na-alza-cz\/","datePublished":"2023-05-22","dateModified":"2023-05-17","mainEntityOfPage":"https:\/\/www.aspczech.cz\/slevy-a-akce-na-alza-cz\/","author":{"@type":"Person","@id":"https:\/\/www.aspczech.cz\/author\/#Person","name":"aspczech.cz\n","url":"https:\/\/www.aspczech.cz\/author\/","identifier":1,"image":{"@type":"ImageObject","@id":"https:\/\/secure.gravatar.com\/avatar\/40308b9402d145b1dc164f447b6506e9dadca8c8362c3ffb52df95e789c0fd10?s=96&d=mm&r=g","url":"https:\/\/secure.gravatar.com\/avatar\/40308b9402d145b1dc164f447b6506e9dadca8c8362c3ffb52df95e789c0fd10?s=96&d=mm&r=g","height":96,"width":96}},"publisher":{"@type":"Organization","name":"aspczech.cz","logo":{"@type":"ImageObject","@id":"\/logo.png","url":"\/logo.png","width":600,"height":60}},"image":{"@type":"ImageObject","@id":"https:\/\/www.aspczech.cz\/wp-content\/uploads\/sleva_M70sc4.jpg","url":"https:\/\/www.aspczech.cz\/wp-content\/uploads\/sleva_M70sc4.jpg","height":0,"width":0},"keywords":null}]}