[{"@context":"https:\/\/schema.org\/","@type":"Article","@id":"https:\/\/www.aspczech.cz\/pripravene-je-i-vkusne-zarizene-apartma\/#Article","mainEntityOfPage":"https:\/\/www.aspczech.cz\/pripravene-je-i-vkusne-zarizene-apartma\/","headline":"P\u0159ipraven\u00e9 je i vkusn\u011b za\u0159\u00edzen\u00e9 apartm\u00e1","name":"P\u0159ipraven\u00e9 je i vkusn\u011b za\u0159\u00edzen\u00e9 apartm\u00e1","description":"I n\u00e1ro\u010dn\u00e9 z\u00e1kazn\u00edky m\u016f\u017eeme uspokojit. Ubytov\u00e1n\u00ed Kol\u00edn dostanou v na\u0161em modern\u011b a vkusn\u011b vybaven\u00e9m apartm\u00e1. Do koupelny byla nainstalov\u00e1na rohov\u00e1 vana. V\u011bt\u0161inou t\u00e9to slu\u017eby vyu\u017e\u00edvaj\u00ed na\u0161i novoman\u017eel\u00e9. M\u016f\u017eeme ho v\u0161ak nab\u00eddnout i ostatn\u00edm host\u016fm, pokud zrovna nebude obsazen. Pobyt v [&hellip;]","datePublished":"2025-03-08","dateModified":"2025-03-08","author":{"@type":"Person","@id":"https:\/\/www.aspczech.cz\/author\/#Person","name":"aspczech.cz\n","url":"https:\/\/www.aspczech.cz\/author\/","identifier":1,"image":{"@type":"ImageObject","@id":"https:\/\/secure.gravatar.com\/avatar\/40308b9402d145b1dc164f447b6506e9dadca8c8362c3ffb52df95e789c0fd10?s=96&d=mm&r=g","url":"https:\/\/secure.gravatar.com\/avatar\/40308b9402d145b1dc164f447b6506e9dadca8c8362c3ffb52df95e789c0fd10?s=96&d=mm&r=g","height":96,"width":96}},"publisher":{"@type":"Organization","name":"aspczech.cz","logo":{"@type":"ImageObject","@id":"\/logo.png","url":"\/logo.png","width":600,"height":60}},"url":"https:\/\/www.aspczech.cz\/pripravene-je-i-vkusne-zarizene-apartma\/","wordCount":164,"articleBody":"I n\u00e1ro\u010dn\u00e9 z\u00e1kazn\u00edky m\u016f\u017eeme uspokojit. Ubytov\u00e1n\u00ed Kol\u00edn dostanou v na\u0161em modern\u011b a vkusn\u011b vybaven\u00e9m apartm\u00e1. Do koupelny byla nainstalov\u00e1na rohov\u00e1 vana. V\u011bt\u0161inou t\u00e9to slu\u017eby vyu\u017e\u00edvaj\u00ed na\u0161i novoman\u017eel\u00e9. M\u016f\u017eeme ho v\u0161ak nab\u00eddnout i ostatn\u00edm host\u016fm, pokud zrovna nebude obsazen. Pobyt v na\u0161em hotelu si m\u016f\u017eete i objednat. Bli\u017e\u0161\u00ed informace najdete na na\u0161ich internetov\u00fdch str\u00e1nk\u00e1ch.Ide\u00e1ln\u00ed volba pro netradi\u010dn\u00ed svatbyNa\u0161im snoubenc\u016fm, kte\u0159\u00ed se rozhodli vstoupit do svazku man\u017eelsk\u00e9ho trochu netradi\u010dn\u00edm zp\u016fsobem, m\u016f\u017eeme nab\u00eddnout pomocnou ruku. R\u00e1di bychom uspo\u0159\u00e1dali takovou svatbu pr\u00e1v\u011b u n\u00e1s. Hostinu jsme schopni p\u0159ipravit a\u017e pro 300 lid\u00ed. Chutn\u011b uva\u0159\u00edte, tak\u017ee si ka\u017ed\u00fd svateb\u010dan jist\u011b pochutn\u00e1. Ubytov\u00e1n\u00ed Kol\u00edn v\u00e1s tak\u00e9 nezklame. Jsme tady pro sv\u00e9 n\u00e1v\u0161t\u011bvn\u00edky.                                                                                                                                                                                                                                                                                                                                                                                        3\/5 - (1 vote)        "},{"@context":"https:\/\/schema.org\/","@type":"BreadcrumbList","itemListElement":[{"@type":"ListItem","position":1,"name":"P\u0159ipraven\u00e9 je i vkusn\u011b za\u0159\u00edzen\u00e9 apartm\u00e1","item":"https:\/\/www.aspczech.cz\/pripravene-je-i-vkusne-zarizene-apartma\/#breadcrumbitem"}]}]