[{"@context":"https:\/\/schema.org\/","@type":"Article","@id":"https:\/\/www.aspczech.cz\/po-cely-den-s-korkem\/#Article","mainEntityOfPage":"https:\/\/www.aspczech.cz\/po-cely-den-s-korkem\/","headline":"Po cel\u00fd den s korkem","name":"Po cel\u00fd den s korkem","description":"Jestli\u017ee m\u00e1te r\u00e1di p\u0159\u00edrodn\u00ed materi\u00e1ly, ur\u010dit\u011b ve sv\u00e9m domov\u011b uv\u00edt\u00e1te korek. A to v mnoha podob\u00e1ch. Korek je materi\u00e1l natolik univerz\u00e1ln\u00ed, \u017ee se d\u00e1 pou\u017e\u00edt prakticky v\u0161ude. Oce\u0148uje se na n\u011bm p\u0159edev\u0161\u00edm 1.\u00a0\u00a0\u00a0\u00a0 bezvadn\u00e1 izolace 2.\u00a0\u00a0\u00a0\u00a0 pru\u017enost 3.\u00a0\u00a0\u00a0\u00a0 nepropustnost 4.\u00a0\u00a0\u00a0\u00a0 [&hellip;]","datePublished":"2023-04-26","dateModified":"2023-04-26","author":{"@type":"Person","@id":"https:\/\/www.aspczech.cz\/author\/#Person","name":"aspczech.cz\n","url":"https:\/\/www.aspczech.cz\/author\/","identifier":1,"image":{"@type":"ImageObject","@id":"https:\/\/secure.gravatar.com\/avatar\/40308b9402d145b1dc164f447b6506e9dadca8c8362c3ffb52df95e789c0fd10?s=96&d=mm&r=g","url":"https:\/\/secure.gravatar.com\/avatar\/40308b9402d145b1dc164f447b6506e9dadca8c8362c3ffb52df95e789c0fd10?s=96&d=mm&r=g","height":96,"width":96}},"publisher":{"@type":"Organization","name":"aspczech.cz","logo":{"@type":"ImageObject","@id":"\/logo.png","url":"\/logo.png","width":600,"height":60}},"url":"https:\/\/www.aspczech.cz\/po-cely-den-s-korkem\/","about":["Produkty"],"wordCount":376,"articleBody":"Jestli\u017ee m\u00e1te r\u00e1di p\u0159\u00edrodn\u00ed materi\u00e1ly, ur\u010dit\u011b ve sv\u00e9m domov\u011b uv\u00edt\u00e1te korek. A to v mnoha podob\u00e1ch. Korek je materi\u00e1l natolik univerz\u00e1ln\u00ed, \u017ee se d\u00e1 pou\u017e\u00edt prakticky v\u0161ude.Oce\u0148uje se na n\u011bm p\u0159edev\u0161\u00edm1.\u00a0\u00a0\u00a0\u00a0 bezvadn\u00e1 izolace2.\u00a0\u00a0\u00a0\u00a0 pru\u017enost3.\u00a0\u00a0\u00a0\u00a0 nepropustnost4.\u00a0\u00a0\u00a0\u00a0 odolnost5.\u00a0\u00a0\u00a0\u00a0 nep\u0159itahuje ani nepohlcuje prach6.\u00a0\u00a0\u00a0\u00a0 je antistatick\u00fd7.\u00a0\u00a0\u00a0\u00a0 je hypoalergenn\u00ed.Pro tyto v\u0161echny vlastnosti ho m\u016f\u017eeme pou\u017e\u00edt jako dekoraci v\u00a0kv\u011btin\u00e1\u0159stv\u00ed.&#8211;\u00a0\u00a0\u00a0\u00a0\u00a0\u00a0\u00a0\u00a0 s kv\u011btinami je tento p\u0159\u00edrodn\u00ed materi\u00e1l v naprost\u00e9 symbi\u00f3ze.Sv\u00e9 uplatn\u011bn\u00ed na\u0161el i u hudebn\u00edch n\u00e1stroj\u016f.&#8211;\u00a0\u00a0\u00a0\u00a0\u00a0\u00a0\u00a0\u00a0 vodn\u00ed klapky pro trumpety.Jeho dobr\u00e9 vlastnosti ocen\u00ed i ryb\u00e1\u0159i.&#8211;\u00a0\u00a0\u00a0\u00a0\u00a0\u00a0\u00a0\u00a0 korek je velice lehk\u00fd materi\u00e1l, kter\u00fd nezat\u011b\u017euje prut vahou.Zdravotn\u00ed obuv.&#8211;\u00a0\u00a0\u00a0\u00a0\u00a0\u00a0\u00a0\u00a0 je velice vhodn\u00fd pro v\u00fdrobu zdravotn\u00edch pantofl\u016f.Netradi\u010dn\u00ed bytov\u00e1 dekorace.&#8211;\u00a0\u00a0\u00a0\u00a0\u00a0\u00a0\u00a0\u00a0 korkov\u00e9 tapety p\u016fsob\u00ed velice tepl\u00fdm dojmem.Sv\u00e9 vyu\u017eit\u00ed m\u00e1 i v\u00a0kancel\u00e1\u0159\u00edch.&#8211;\u00a0\u00a0\u00a0\u00a0\u00a0\u00a0\u00a0\u00a0 n\u00e1st\u011bnky&#8211;\u00a0\u00a0\u00a0\u00a0\u00a0\u00a0\u00a0\u00a0 podlo\u017eky&#8211;\u00a0\u00a0\u00a0\u00a0\u00a0\u00a0\u00a0\u00a0 t\u00e1cy.\tDub korkov\u00fdZ\u00edsk\u00e1n\u00ed korku nen\u00ed tak snadn\u00e1 z\u00e1le\u017eitost, jak by se mohlo zd\u00e1t.Poch\u00e1z\u00ed z korkov\u00e9ho dubu, kter\u00fd roste v oblasti St\u0159edomo\u0159\u00ed.&#8211;\u00a0\u00a0\u00a0\u00a0\u00a0\u00a0\u00a0\u00a0 Nejv\u011bt\u0161\u00edm dodavatelem je Portugalsko, kter\u00e9 produkuje v\u00edce ne\u017e pades\u00e1t procent.&#8211;\u00a0\u00a0\u00a0\u00a0\u00a0\u00a0\u00a0\u00a0 Jako druh\u00e9 je \u0160pan\u011blsko &#8211; \u010dty\u0159icet procent.Jak se tedy korek z dubu z\u00edsk\u00e1?\u00b7\u00a0\u00a0\u00a0\u00a0\u00a0\u00a0\u00a0 P\u016fvodn\u00ed k\u016fra se od\u0159\u00edzne, proto\u017ee je nekvalitn\u00ed.&#8211;\u00a0\u00a0\u00a0\u00a0\u00a0\u00a0\u00a0\u00a0 K tomu se pou\u017e\u00edvaj\u00ed speci\u00e1ln\u00ed no\u017ee, aby se strom nepo\u0161kodil.\u00b7\u00a0\u00a0\u00a0\u00a0\u00a0\u00a0\u00a0 Tato procedura se prov\u00e1d\u00ed ve chv\u00edli, kdy m\u00e1 obvod kmenu stromu t\u0159icet centimetr\u016f.\u00b7\u00a0\u00a0\u00a0\u00a0\u00a0\u00a0\u00a0 K\u016fra pot\u00e9 op\u011bt dor\u016fst\u00e1 a po dev\u00edti letech se m\u016f\u017ee skl\u00edzet.\u00b7\u00a0\u00a0\u00a0\u00a0\u00a0\u00a0\u00a0 Jestli\u017ee se nech\u00e1 zr\u00e1t del\u0161\u00ed dobu, bude korek kvalitn\u011bj\u0161\u00ed.\u00b7\u00a0\u00a0\u00a0\u00a0\u00a0\u00a0\u00a0 Z n\u011bkter\u00fdch strom\u016f se korkov\u00e1 k\u016fra od\u0159\u00edzne a\u017e po patn\u00e1cti letech.A kde se objevil korek nejd\u0159\u00edve?Samoz\u0159ejm\u011b, \u017ee to bylo v\u00a0podob\u011b korkov\u00e9 z\u00e1tky. A to u\u017e roku 1530. Vyn\u00e1lez z\u00e1tky umo\u017enil zcela nov\u00fd zp\u016fsob skladov\u00e1n\u00ed v\u00edn. O sto pades\u00e1t let pozd\u011bji bylo zji\u0161t\u011bno, \u017ee korkov\u00e1 z\u00e1tka umo\u017enuje i kva\u0161en\u00ed v\u00edna. A sekt byl na sv\u011bt\u011b.                                                                                                                                                                                                                                                                                                                                                                                        3.8\/5 - (5 votes)        "},{"@context":"https:\/\/schema.org\/","@type":"BreadcrumbList","itemListElement":[{"@type":"ListItem","position":1,"name":"Po cel\u00fd den s korkem","item":"https:\/\/www.aspczech.cz\/po-cely-den-s-korkem\/#breadcrumbitem"}]}]