[{"@context":"https:\/\/schema.org\/","@type":"Article","@id":"https:\/\/www.aspczech.cz\/oprava-nefunkcnich-pristroju\/#Article","mainEntityOfPage":"https:\/\/www.aspczech.cz\/oprava-nefunkcnich-pristroju\/","headline":"Oprava nefunk\u010dn\u00edch p\u0159\u00edstroj\u016f","name":"Oprava nefunk\u010dn\u00edch p\u0159\u00edstroj\u016f","description":"U nov\u00e9 v\u011bci toto dilema prakticky odpad\u00e1. Tam je n\u011bjak\u00e1 z\u00e1ruka, a tak se d\u00e1 v\u00fdrobek do z\u00e1ru\u010dn\u00ed opravny, nebo se s n\u00edm jede zp\u011bt p\u0159\u00edmo k prodejci. V\u00edce by m\u011bl za\u0159\u00eddit on, a je\u0161t\u011b proplatit n\u00e1klady na cestovn\u00e9. Jen\u017ee [&hellip;]","datePublished":"2019-10-06","dateModified":"2023-04-26","author":{"@type":"Person","@id":"https:\/\/www.aspczech.cz\/author\/#Person","name":"aspczech.cz\n","url":"https:\/\/www.aspczech.cz\/author\/","identifier":1,"image":{"@type":"ImageObject","@id":"https:\/\/secure.gravatar.com\/avatar\/40308b9402d145b1dc164f447b6506e9dadca8c8362c3ffb52df95e789c0fd10?s=96&d=mm&r=g","url":"https:\/\/secure.gravatar.com\/avatar\/40308b9402d145b1dc164f447b6506e9dadca8c8362c3ffb52df95e789c0fd10?s=96&d=mm&r=g","height":96,"width":96}},"publisher":{"@type":"Organization","name":"aspczech.cz","logo":{"@type":"ImageObject","@id":"\/logo.png","url":"\/logo.png","width":600,"height":60}},"image":{"@type":"ImageObject","@id":"https:\/\/www.aspczech.cz\/wp-content\/uploads\/img_a362316_w1931_t1575364980.jpg","url":"https:\/\/www.aspczech.cz\/wp-content\/uploads\/img_a362316_w1931_t1575364980.jpg","height":0,"width":0},"url":"https:\/\/www.aspczech.cz\/oprava-nefunkcnich-pristroju\/","about":["Podnik\u00e1n\u00ed"],"wordCount":427,"articleBody":" U nov\u00e9 v\u011bci toto dilema prakticky odpad\u00e1. Tam je n\u011bjak\u00e1 z\u00e1ruka, a tak se d\u00e1 v\u00fdrobek do z\u00e1ru\u010dn\u00ed opravny, nebo se s n\u00edm jede zp\u011bt p\u0159\u00edmo k prodejci. V\u00edce by m\u011bl za\u0159\u00eddit on, a je\u0161t\u011b proplatit n\u00e1klady na cestovn\u00e9. Jen\u017ee kdy\u017e se pokaz\u00ed star\u0161\u00ed v\u011bc, nast\u00e1v\u00e1 probl\u00e9m, zda se oprava vyplat\u00ed, a zda v\u016fbec n\u011bjak\u00e1 existuje. Nast\u00e1v\u00e1 hled\u00e1n\u00ed po \u010dertech a \u010f\u00e1blech, internet je zava\u0159en\u00fd a st\u00e1le nic. Podle druhu v\u00fdrobku. V\u011bt\u0161ina opraven na maily nereaguje, nechce se jim. To je ov\u0161em velk\u00e1 chyba. Tak\u017ee mus\u00edte volat a provol\u00e1vat spoustu pen\u011bz, nebo zajet osobn\u011b. S poka\u017eenou v\u011bc\u00ed v kapse \u010di ta\u0161ce. Nebo v aut\u011b, https:\/\/www.databazeknih.cz\/knihy\/dama-v-aute-s-brylemi-a-puskou-70582  pokud jde o n\u011bco v\u011bt\u0161\u00edho, t\u0159eba lednici.  Nejhor\u0161\u00ed situace nastane, kdy\u017e se v\u00e1m pokaz\u00ed n\u011bco, na \u010dem je \u010dlov\u011bk z\u00e1visl\u00fd. Ne, opravdu nem\u00edn\u00edm televizor, ani mobil. M\u00edn\u00edm t\u00edm t\u0159ebamraz\u00e1k, kter\u00fd jede na elektrocentr\u00e1lu, proto\u017ee se nal\u00e9z\u00e1 na m\u00edst\u011b, kam nen\u00ed elektrika zavedena. Chata, chalupa, jak\u00fdkoli p\u0159\u00edbytek bez elektrick\u00e9ho veden\u00ed. Zde je pak situace na pov\u00e1\u017eenou. On toti\u017e na tu elektrocentr\u00e1lu nemus\u00ed b\u00fdt napojen jen mraz\u00e1k, ale t\u0159eba i lednice a podobn\u011b. Co po\u010d\u00edt? Nu\u017ee, je t\u0159eba naj\u00edt servis elektrocentr\u00e1l. Pak ji\u017e jen zb\u00fdv\u00e1 n\u011bjakou formou se domluvit na zp\u016fsobu dopravy a v\u011bc m\u00e1te vy\u0159e\u0161enu. Toti\u017e zde v\u00e1m zap\u016fj\u010d\u00ed i elektrocentr\u00e1lu novou, ne\u017e se pod\u00edvaj\u00ed t\u00e9 va\u0161\u00ed neposlu\u0161n\u00e9 na zoubek. Ono to toti\u017e asi bude chv\u00edli trvat, ne\u017e za\u010dne zase pracovat a d\u011blat to co m\u00e1. A je jasn\u00e9, \u017ee po tu dobu bez elektriky b\u00fdt nem\u016f\u017eete. Tak\u017ee pak jen sta\u010d\u00ed zap\u016fj\u010den\u00fd stroj p\u0159ipojit a op\u011bt lednici i mraz\u00e1k zapnout. Ano, i televizi a po\u010d\u00edta\u010de po cel\u00e9m domku. A m\u00e1te klid. Chvilkov\u00fd n\u00e1vrat do doby kamenn\u00e9 je vy\u0159e\u0161en a v\u0161ichni si oddechnou, Jakmile bude va\u0161e p\u016fvodn\u00ed v\u00fdrobna proudu opravena, tak se op\u011bt domluv\u00edte na zp\u016fsobu p\u0159epravy a oba stroje zase vym\u011bn\u00edte. A pro p\u0159\u00ed\u0161t\u011b v\u00edte, \u017ee nen\u00ed t\u0159eba panika\u0159it. Proto si kontakt pe\u010dliv\u011b uschovejte.                                                                                                                                                                                                                                                                                                                                                                                        5\/5 - (4 votes)        "},{"@context":"https:\/\/schema.org\/","@type":"BreadcrumbList","itemListElement":[{"@type":"ListItem","position":1,"name":"Oprava nefunk\u010dn\u00edch p\u0159\u00edstroj\u016f","item":"https:\/\/www.aspczech.cz\/oprava-nefunkcnich-pristroju\/#breadcrumbitem"}]}]