[{"@context":"https:\/\/schema.org\/","@type":"Article","@id":"https:\/\/www.aspczech.cz\/neni-stan-jako-stan\/#Article","mainEntityOfPage":"https:\/\/www.aspczech.cz\/neni-stan-jako-stan\/","headline":"Nen\u00ed stan jako stan","name":"Nen\u00ed stan jako stan","description":"Pokud m\u00e1te vlastn\u00ed zahradu a r\u00e1di na ni zvete sv\u00e9 p\u0159\u00e1tel\u00e9, ur\u010dit\u011b m\u00e1te alt\u00e1nek nebo pergolu, ve kter\u00e9 jsou va\u0161i host\u00e9 chr\u00e1n\u011bn\u00ed p\u0159ed ostr\u00fdm sluncem, v\u011btrem, ale t\u0159eba i de\u0161t\u011bm. V pergole je \u010dasto prostor pro gril a p\u00e1r m\u00edst [&hellip;]","datePublished":"2023-02-09","dateModified":"2023-04-26","author":{"@type":"Person","@id":"https:\/\/www.aspczech.cz\/author\/#Person","name":"aspczech.cz\n","url":"https:\/\/www.aspczech.cz\/author\/","identifier":1,"image":{"@type":"ImageObject","@id":"https:\/\/secure.gravatar.com\/avatar\/40308b9402d145b1dc164f447b6506e9dadca8c8362c3ffb52df95e789c0fd10?s=96&d=mm&r=g","url":"https:\/\/secure.gravatar.com\/avatar\/40308b9402d145b1dc164f447b6506e9dadca8c8362c3ffb52df95e789c0fd10?s=96&d=mm&r=g","height":96,"width":96}},"publisher":{"@type":"Organization","name":"aspczech.cz","logo":{"@type":"ImageObject","@id":"\/logo.png","url":"\/logo.png","width":600,"height":60}},"image":{"@type":"ImageObject","@id":"https:\/\/www.aspczech.cz\/wp-content\/uploads\/marquee-g02746d82c_640.jpg","url":"https:\/\/www.aspczech.cz\/wp-content\/uploads\/marquee-g02746d82c_640.jpg","height":0,"width":0},"url":"https:\/\/www.aspczech.cz\/neni-stan-jako-stan\/","about":["Podnik\u00e1n\u00ed"],"wordCount":414,"articleBody":"          Pokud m\u00e1te vlastn\u00ed zahradu a r\u00e1di na ni zvete sv\u00e9 p\u0159\u00e1tel\u00e9, ur\u010dit\u011b m\u00e1te alt\u00e1nek nebo pergolu, ve kter\u00e9 jsou va\u0161i host\u00e9 chr\u00e1n\u011bn\u00ed p\u0159ed ostr\u00fdm sluncem, v\u011btrem, ale t\u0159eba i de\u0161t\u011bm. V pergole je \u010dasto prostor pro gril a p\u00e1r m\u00edst k posezen\u00ed. Co ale ud\u011blat, kdy\u017e chcete na zahrad\u011b uspo\u0159\u00e1dat v\u011bt\u0161\u00ed oslavu pro v\u00edce lid\u00ed, nebo dokonce svatbu? Jsou tady party stany! Party stany jste u\u017e ur\u010dit\u011b n\u011bkdy zahl\u00eddli. V\u011bt\u0161inou je to ze t\u0159\u00ed stran zaplachtovan\u00e1 odoln\u00e1 konstrukce, a \u010dtvrt\u00e1 strana se d\u00e1 uzav\u0159\u00edt v p\u0159\u00edpad\u011b hodn\u011b \u0161patn\u00e9ho po\u010das\u00ed. Uvnit\u0159 takov\u00e9ho stanu je prostor pro mnoho stol\u016f a \u017eidli a t\u0159eba i pro p\u00f3dium pro kapelu a tane\u010dn\u00ed prostor.   Ale v\u00edte, \u017ee existuj\u00ed i men\u0161\u00ed party stany 3&#215;3 m? Pokud si po\u0159\u00edd\u00edte nebo p\u016fj\u010d\u00edte takov\u00fd stan na va\u0161i oslavu, m\u016f\u017ee slou\u017eit jako prostor pro odlo\u017een\u00ed svr\u0161k\u016f nebo jako p\u0159evl\u00e9k\u00e1rna pro p\u0159\u00edpadn\u00e9 \u00fa\u010dinkuj\u00edc\u00ed na va\u0161\u00ed oslav\u011b, t\u0159eba pro kouzeln\u00edka. Nebo v n\u016f\u017ekov\u00e9m stanu 3&#215;3 m\u016f\u017eete m\u00edt schovan\u00e9 ob\u010derstven\u00ed a t\u0159eba ledni\u010dku. Tyto men\u0161\u00ed stany ocen\u00ed tak\u00e9 podnikatel\u00e9, kte\u0159\u00ed nab\u00edzej\u00ed sv\u00e9 zbo\u017e\u00ed na tr\u017ei\u0161t\u00edch. N\u016f\u017ekov\u00fd alt\u00e1n 3&#215;3 v\u00e1s schov\u00e1 p\u0159ed nep\u0159\u00edzn\u00ed po\u010das\u00ed a v m\u016f\u017eete v pohodl\u00ed prod\u00e1vat sv\u00e9 v\u00fdrobky na v\u00e1no\u010dn\u00edch trz\u00edch nebo farm\u00e1\u0159sk\u00fdch trz\u00edch, nebo m\u016f\u017eete prod\u00e1vat rychl\u00e9 ob\u010derstven\u00ed na festivalech.   V\u0161echny p\u00e1rty stany 3&#215;3 jsou rozeb\u00edrateln\u00e9 a skladovateln\u00e9 a po skon\u010den\u00ed akce nebo prodeje, je jednodu\u0161e slo\u017e\u00edte, nalo\u017e\u00edte do auta a doma uskladn\u00edte ne\u017e jej zase vyu\u017eijete. Plocha stanu m\u016f\u017ee b\u00fdt ide\u00e1ln\u00ed plochou pro va\u0161i reklamu, firma Tentino v\u00e1m nab\u00edz\u00ed i potisk na v\u00e1\u0161 stanov\u00fd prodejn\u00ed st\u00e1nek. Zahradn\u00ed stan 3&#215;3 si obl\u00edb\u00ed i d\u011bti b\u011bhem l\u00e9ta. Je dostate\u010dn\u011b prostorn\u00fd, aby v n\u011bm d\u011bti mohly tr\u00e1vit \u010das, kdy\u017e bude pr\u0161et a jist\u011b jej ocen\u00ed i maminky, kdy\u017e do n\u016f\u017ekov\u00e9ho stanu 3&#215;3 zaparkuj\u00ed ko\u010d\u00e1rek a budou tak m\u00edt jistotu, \u017ee od ko\u010d\u00e1rku nebude pr\u0161et nebo sn\u011b\u017eit a p\u0159itom bude miminko spinkat na \u010derstv\u00e9m vzduchu.                                                                                                                                                                                                                                                                                                                                                                                          3.6\/5 - (5 votes)        "},{"@context":"https:\/\/schema.org\/","@type":"BreadcrumbList","itemListElement":[{"@type":"ListItem","position":1,"name":"Nen\u00ed stan jako stan","item":"https:\/\/www.aspczech.cz\/neni-stan-jako-stan\/#breadcrumbitem"}]}]