[{"@context":"https:\/\/schema.org\/","@type":"Article","@id":"https:\/\/www.aspczech.cz\/je-pro-nas-elektricky\/#Article","mainEntityOfPage":"https:\/\/www.aspczech.cz\/je-pro-nas-elektricky\/","headline":"Je pro n\u00e1s elektrick\u00fd?","name":"Je pro n\u00e1s elektrick\u00fd?","description":"Kdy\u017e si dnes chceme vy\u010distit zuby, u\u017e nemus\u00edme \u017ev\u00fdkat d\u0159\u00edvko. M\u00e1me na v\u00fdb\u011br z mnoha druh\u016f kart\u00e1\u010dk\u016f. Sta\u010d\u00ed vybrat ten prav\u00fd na n\u00e1\u0161 chrup. \u00a0 Kart\u00e1\u010dek vynalezli pr\u00fd \u010c\u00ed\u0148an\u00e9 v patn\u00e1ct\u00e9m stolet\u00ed. Byl vyroben ze zv\u00ed\u0159ec\u00edch \u0161t\u011btin a kost\u00ed. Ten [&hellip;]","datePublished":"2018-09-11","dateModified":"2023-04-26","author":{"@type":"Person","@id":"https:\/\/www.aspczech.cz\/author\/#Person","name":"aspczech.cz\n","url":"https:\/\/www.aspczech.cz\/author\/","identifier":1,"image":{"@type":"ImageObject","@id":"https:\/\/secure.gravatar.com\/avatar\/40308b9402d145b1dc164f447b6506e9dadca8c8362c3ffb52df95e789c0fd10?s=96&d=mm&r=g","url":"https:\/\/secure.gravatar.com\/avatar\/40308b9402d145b1dc164f447b6506e9dadca8c8362c3ffb52df95e789c0fd10?s=96&d=mm&r=g","height":96,"width":96}},"publisher":{"@type":"Organization","name":"aspczech.cz","logo":{"@type":"ImageObject","@id":"\/logo.png","url":"\/logo.png","width":600,"height":60}},"image":{"@type":"ImageObject","@id":"https:\/\/www.aspczech.cz\/wp-content\/uploads\/img_a324899_w1931_t1536847419.jpg","url":"https:\/\/www.aspczech.cz\/wp-content\/uploads\/img_a324899_w1931_t1536847419.jpg","height":0,"width":0},"url":"https:\/\/www.aspczech.cz\/je-pro-nas-elektricky\/","about":["Kr\u00e1sa"],"wordCount":407,"articleBody":"Kdy\u017e si dnes chceme vy\u010distit zuby, u\u017e nemus\u00edme \u017ev\u00fdkat d\u0159\u00edvko. M\u00e1me na v\u00fdb\u011br z mnoha druh\u016f kart\u00e1\u010dk\u016f. Sta\u010d\u00ed vybrat ten prav\u00fd na n\u00e1\u0161 chrup.\u00a0Kart\u00e1\u010dek vynalezli pr\u00fd \u010c\u00ed\u0148an\u00e9 v patn\u00e1ct\u00e9m stolet\u00ed. Byl vyroben ze zv\u00ed\u0159ec\u00edch \u0161t\u011btin a kost\u00ed. Ten elektrick\u00fd a\u017e mnohem pozd\u011bji. Prvn\u00ed s takov\u00fdm n\u00e1padem p\u0159i\u0161li \u0160v\u00fdca\u0159i. V roce 1939. M\u011bl pomoci \u010distit zuby posti\u017een\u00fdm lidem, kte\u0159\u00ed nemohli h\u00fdbat rukama. Jeho pou\u017e\u00edv\u00e1n\u00ed se ale \u201eneujalo\u201c. M\u011bl p\u0159\u00edli\u0161 objemn\u00fd a t\u011b\u017ek\u00fd motor. Skute\u010dn\u00fd rozvoj v tomto oboru p\u0159i\u0161el a\u017e v osmdes\u00e1t\u00fdch letech 20. stolet\u00ed.\u00a0P\u011bt skupinPodle toho, jak\u00fdm zp\u016fsobem se pohybuje jejich hlavice, m\u016f\u017eeme sou\u010dasn\u00e9 elektrick\u00e9 kart\u00e1\u010dky rozd\u011blit do p\u011bti z\u00e1kladn\u00edch skupin:\u00b7\u00a0\u00a0\u00a0\u00a0\u00a0\u00a0\u00a0 pohyb do stran, tzv. side \u2013 to \u2013 side\u00b7\u00a0\u00a0\u00a0\u00a0\u00a0\u00a0\u00a0 pohyb cirkul\u00e1rn\u00ed\u00b7\u00a0\u00a0\u00a0\u00a0\u00a0\u00a0\u00a0 vibrace ultrazvukem, tzv. ultra \u2013 sonic vibration\u00b7\u00a0\u00a0\u00a0\u00a0\u00a0\u00a0\u00a0 pohyb rota\u010dn\u011b \u2013 oscila\u010dn\u00ed, hlava rotuje a vychyluje se p\u0159i tom dop\u0159edu a dozadu\u00b7\u00a0\u00a0\u00a0\u00a0\u00a0\u00a0\u00a0 pohyb rota\u010dn\u00ed v r\u016fzn\u00fdch sm\u011brech, kter\u00fd zaji\u0161\u0165uj\u00ed jednotliv\u00e9 svazky vl\u00e1ken, tzv. counter oscillation\u00a0Pro koho anoS elektrick\u00fdm kart\u00e1\u010dkem vy\u010dist\u00edme zuby stejn\u011b, jako kdy\u017e pou\u017eijeme ten \u201eklasick\u00fd\u201c a jeho pou\u017eit\u00ed je velice snadn\u00e9. Ale n\u011bkter\u00e9 u\u017eivatele v\u00edce motivuje k tomu, aby se o \u010distotu sv\u00fdch zub\u016f v\u00edce starali. Pat\u0159\u00ed k nim p\u0159edev\u0161\u00edm d\u011bti, ty tento kart\u00e1\u010dek v\u011bt\u0161inou v\u00edce zaujme. Hned jim \u010di\u0161t\u011bn\u00ed zub\u016f p\u0159ipad\u00e1 zaj\u00edmav\u011bj\u0161\u00ed. N\u011bkte\u0159\u00ed lid\u00e9 zase maj\u00ed pocit, \u017ee s jeho pomoc\u00ed, d\u00edky rotuj\u00edc\u00ed hlavici, vy\u010dist\u00ed sv\u00e9 zuby d\u016fkladn\u011bji. Pak jsou tu lid\u00e9 star\u0161\u00ed a lid\u00e9 posti\u017een\u00ed, kte\u0159\u00ed ji\u017e nemaj\u00ed tak \u201e\u0161ikovn\u00e9 ruce. Elektrick\u00fd kart\u00e1\u010dek je odborn\u00edky doporu\u010dov\u00e1n lidem pou\u017e\u00edvaj\u00edc\u00edm rovn\u00e1tka.\u00a0Pro koho neAle p\u0159es v\u00fd\u0161e uveden\u00e9 v\u00fdhody nelze elektrick\u00fd kart\u00e1\u010dek doporu\u010dit v\u0161em. P\u0159i jeho pou\u017e\u00edv\u00e1n\u00ed m\u00e1me hor\u0161\u00ed kontrolu jemn\u00fdch pohyb\u016f. M\u016f\u017eeme si tedy snadn\u011bji poranit d\u00e1sn\u011b, kter\u00e9 pak krv\u00e1cej\u00ed. Proto nen\u00ed vhodn\u00fd pro lidi s paradont\u00f3zou, citliv\u00fdmi zuby, obna\u017een\u00fdmi kr\u010dky zub\u016f nebo zuby viklav\u00fdmi.\u00a0A\u0165 pou\u017e\u00edv\u00e1me klasick\u00fd nebo elektrick\u00fd, \u010dist\u00edme sv\u00e9 zuby pravideln\u011b!                                                                                                                                                                                                                                                                                                                                                                                        4\/5 - (6 votes)        "},{"@context":"https:\/\/schema.org\/","@type":"BreadcrumbList","itemListElement":[{"@type":"ListItem","position":1,"name":"Je pro n\u00e1s elektrick\u00fd?","item":"https:\/\/www.aspczech.cz\/je-pro-nas-elektricky\/#breadcrumbitem"}]}]