[{"@context":"https:\/\/schema.org\/","@type":"Article","@id":"https:\/\/www.aspczech.cz\/hlidani-deti-v-olomouci\/#Article","mainEntityOfPage":"https:\/\/www.aspczech.cz\/hlidani-deti-v-olomouci\/","headline":"Hl\u00edd\u00e1n\u00ed d\u011bt\u00ed v Olomouci","name":"Hl\u00edd\u00e1n\u00ed d\u011bt\u00ed v Olomouci","description":"Jestli\u017ee vyu\u017eijete pro hl\u00edd\u00e1n\u00ed va\u0161ich d\u011bt\u00ed n\u011bkter\u00e9ho z p\u0159\u00edbuzn\u00fdch nebo zn\u00e1m\u00fdch, pak se bude v\u011bt\u0161inou jednat skute\u010dn\u011b jen o dozor. Pokud pro sv\u00e9 d\u011bti najdete profesion\u00e1ln\u00ed ch\u016fvu, m\u016f\u017eete po\u010d\u00edtat s dal\u0161\u00edmi slu\u017ebami, kter\u00e9 budou jist\u011b pro v\u00e1s i va\u0161e d\u011bti [&hellip;]","datePublished":"2021-04-13","dateModified":"2023-08-15","author":{"@type":"Person","@id":"https:\/\/www.aspczech.cz\/author\/#Person","name":"aspczech.cz\n","url":"https:\/\/www.aspczech.cz\/author\/","identifier":1,"image":{"@type":"ImageObject","@id":"https:\/\/secure.gravatar.com\/avatar\/40308b9402d145b1dc164f447b6506e9dadca8c8362c3ffb52df95e789c0fd10?s=96&d=mm&r=g","url":"https:\/\/secure.gravatar.com\/avatar\/40308b9402d145b1dc164f447b6506e9dadca8c8362c3ffb52df95e789c0fd10?s=96&d=mm&r=g","height":96,"width":96}},"publisher":{"@type":"Organization","name":"aspczech.cz","logo":{"@type":"ImageObject","@id":"\/logo.png","url":"\/logo.png","width":600,"height":60}},"image":{"@type":"ImageObject","@id":"https:\/\/www.aspczech.cz\/wp-content\/uploads\/d%C4%9Bti%20na%20hl%C3%ADd%C3%A1n%C3%AD_ixLUCV.jpg","url":"https:\/\/www.aspczech.cz\/wp-content\/uploads\/d%C4%9Bti%20na%20hl%C3%ADd%C3%A1n%C3%AD_ixLUCV.jpg","height":0,"width":0},"url":"https:\/\/www.aspczech.cz\/hlidani-deti-v-olomouci\/","about":["Podnik\u00e1n\u00ed"],"wordCount":457,"articleBody":"         Jestli\u017ee vyu\u017eijete pro hl\u00edd\u00e1n\u00ed va\u0161ich d\u011bt\u00ed n\u011bkter\u00e9ho z p\u0159\u00edbuzn\u00fdch nebo zn\u00e1m\u00fdch, pak se bude v\u011bt\u0161inou jednat skute\u010dn\u011b jen o dozor. Pokud pro sv\u00e9 d\u011bti najdete profesion\u00e1ln\u00ed ch\u016fvu, m\u016f\u017eete po\u010d\u00edtat s dal\u0161\u00edmi slu\u017ebami, kter\u00e9 budou jist\u011b pro v\u00e1s i va\u0161e d\u011bti v\u00edtan\u00e9.   Krom\u011b klasick\u00e9ho hl\u00edd\u00e1n\u00ed m\u016f\u017eete tak\u00e9 po\u010d\u00edtat s uspo\u0159\u00e1d\u00e1n\u00edm narozeninov\u00e9 oslavy nebo zaj\u00edmav\u00fdmi v\u00edkendov\u00fdmi aktivitami pro sv\u00e9 d\u011bti. Vy si m\u016f\u017eete mezit\u00edm alespo\u0148 odpo\u010dinout a na\u010derpat nov\u00e9 s\u00edly. Zejm\u00e9na v sou\u010dasn\u00e9 slo\u017eit\u011bj\u0161\u00ed dob\u011b je mnoho d\u011bt\u00ed, kter\u00e9 p\u0159est\u00e1vaj\u00ed zvl\u00e1dat v\u00fduku a budou pot\u0159ebovat pomoc v podob\u011b dou\u010dov\u00e1n\u00ed.Profesion\u00e1ln\u00ed ch\u016fvy maj\u00ed v n\u00e1plni pr\u00e1ce nejen klasick\u00e9 hl\u00edd\u00e1n\u00ed, ale i dou\u010dov\u00e1n\u00ed prakticky v\u0161ech vyu\u010dovan\u00fdch p\u0159edm\u011bt\u016f na z\u00e1kladn\u00ed \u0161kole.   D\u011bti se tak\u00e9 mohou p\u0159ipravovat na p\u0159ij\u00edmac\u00ed zkou\u0161ky na st\u0159edn\u00ed \u0161kolu. Smyslupln\u011b vyu\u017eit\u00fd voln\u00fd \u010das va\u0161ich d\u011bt\u00ed Po cel\u00fd rok jsou d\u00e1le nab\u00edzen\u00e9 r\u016fzn\u00e9 volno\u010dasov\u00e9 aktivity a z\u00e1jmov\u00e9 krou\u017eky pro d\u011bti. V\u00fdb\u011br bude pochopiteln\u011b p\u0159izp\u016fsoben dispozic\u00edm a z\u00e1jm\u016fm konkr\u00e9tn\u00edho d\u00edt\u011bte. V letn\u00edch m\u011bs\u00edc\u00edch, kdy maj\u00ed d\u011bti pr\u00e1zdniny, nast\u00e1v\u00e1 pro mnoho rodi\u010d\u016f obt\u00ed\u017en\u011b \u0159e\u0161iteln\u00fd probl\u00e9m, kter\u00fdm je, jak zabavit d\u011bti po dobu, kdy musej\u00ed b\u00fdt rodi\u010de v zam\u011bstn\u00e1n\u00ed.  Probl\u00e9m se d\u00e1 snadno vy\u0159e\u0161it pomoc\u00ed hl\u00edd\u00e1n\u00ed d\u011bt\u00ed Olomouc.  Pokud bydl\u00edte v tomto m\u011bst\u011b a jeho okol\u00ed, pak si m\u016f\u017eete pro d\u011bti vybrat vhodn\u00fd p\u0159\u00edm\u011bstsk\u00fd t\u00e1bor. Volit m\u016f\u017eete z n\u011bkolika variant. Nab\u00edzen\u00e9 p\u0159\u00edm\u011bstsk\u00e9 t\u00e1bory jsou tematicky zam\u011b\u0159en\u00e9 a d\u00edky tomu si jist\u011b zvol\u00edte p\u0159esn\u011b to prav\u00e9 pro va\u0161e d\u011bti.  Krom\u011b hl\u00edd\u00e1n\u00ed d\u011bt\u00ed a smyslupln\u00e9ho zapln\u011bn\u00ed jejich voln\u00e9ho \u010dasu, je v nab\u00eddce tak\u00e9 pomoc pro seniory.  Ta spo\u010d\u00edv\u00e1 p\u0159edev\u0161\u00edm v ohledupln\u00e9m, a p\u0159itom profesion\u00e1ln\u00edm p\u0159\u00edstupu. V\u00e1\u0161 senior bude m\u00edt spole\u010dnost a vy nebudete muset m\u00edt o n\u011bho obavu. Vyu\u017e\u00edt m\u016f\u017eete tak\u00e9 mo\u017enost hl\u00edd\u00e1n\u00ed nebo ven\u010den\u00ed dom\u00e1c\u00edch mazl\u00ed\u010dk\u016f.  Nechte n\u011bkter\u00e9 starosti na profesion\u00e1lech, kone\u010dn\u011b si odpo\u010di\u0148te a zregenerujte sv\u00e9 du\u0161evn\u00ed s\u00edly.                                                                                                                                                                                                                                                                                                                                                                                          3.5\/5 - (2 votes)        "},{"@context":"https:\/\/schema.org\/","@type":"BreadcrumbList","itemListElement":[{"@type":"ListItem","position":1,"name":"Hl\u00edd\u00e1n\u00ed d\u011bt\u00ed v Olomouci","item":"https:\/\/www.aspczech.cz\/hlidani-deti-v-olomouci\/#breadcrumbitem"}]}]