{"@context":"https:\/\/schema.org\/","@type":"CollectionPage","@id":"https:\/\/www.aspczech.cz\/dovolena\/#CollectionPage","headline":"Dovolen\u00e1 Category","description":"","url":"https:\/\/www.aspczech.cz\/dovolena\/","hasPart":[{"@type":"Article","@id":"https:\/\/www.aspczech.cz\/ubytovani-v-krajine-kterou-si-zamilujete\/","headline":"Ubytov\u00e1n\u00ed v krajin\u011b, kterou si zamilujete","url":"https:\/\/www.aspczech.cz\/ubytovani-v-krajine-kterou-si-zamilujete\/","datePublished":"2026-01-12","dateModified":"2026-01-12","mainEntityOfPage":"https:\/\/www.aspczech.cz\/ubytovani-v-krajine-kterou-si-zamilujete\/","author":{"@type":"Person","@id":"https:\/\/www.aspczech.cz\/author\/#Person","name":"aspczech.cz\n","url":"https:\/\/www.aspczech.cz\/author\/","identifier":1,"image":{"@type":"ImageObject","@id":"https:\/\/secure.gravatar.com\/avatar\/40308b9402d145b1dc164f447b6506e9dadca8c8362c3ffb52df95e789c0fd10?s=96&d=mm&r=g","url":"https:\/\/secure.gravatar.com\/avatar\/40308b9402d145b1dc164f447b6506e9dadca8c8362c3ffb52df95e789c0fd10?s=96&d=mm&r=g","height":96,"width":96}},"publisher":{"@type":"Organization","name":"aspczech.cz","logo":{"@type":"ImageObject","@id":"\/logo.png","url":"\/logo.png","width":600,"height":60}},"image":{"@type":"ImageObject","@id":"https:\/\/www.aspczech.cz\/wp-content\/uploads\/dum_1_o2RifI.jpeg","url":"https:\/\/www.aspczech.cz\/wp-content\/uploads\/dum_1_o2RifI.jpeg","height":0,"width":0},"keywords":null},{"@type":"Article","@id":"https:\/\/www.aspczech.cz\/valtice-vas-uchvati-nejen-svymi-kvalitnimi-viny\/","headline":"Valtice v\u00e1s uchv\u00e1t\u00ed nejen sv\u00fdmi kvalitn\u00edmi v\u00edny","url":"https:\/\/www.aspczech.cz\/valtice-vas-uchvati-nejen-svymi-kvalitnimi-viny\/","datePublished":"2025-07-19","dateModified":"2025-07-19","mainEntityOfPage":"https:\/\/www.aspczech.cz\/valtice-vas-uchvati-nejen-svymi-kvalitnimi-viny\/","author":{"@type":"Person","@id":"https:\/\/www.aspczech.cz\/author\/#Person","name":"aspczech.cz\n","url":"https:\/\/www.aspczech.cz\/author\/","identifier":1,"image":{"@type":"ImageObject","@id":"https:\/\/secure.gravatar.com\/avatar\/40308b9402d145b1dc164f447b6506e9dadca8c8362c3ffb52df95e789c0fd10?s=96&d=mm&r=g","url":"https:\/\/secure.gravatar.com\/avatar\/40308b9402d145b1dc164f447b6506e9dadca8c8362c3ffb52df95e789c0fd10?s=96&d=mm&r=g","height":96,"width":96}},"publisher":{"@type":"Organization","name":"aspczech.cz","logo":{"@type":"ImageObject","@id":"\/logo.png","url":"\/logo.png","width":600,"height":60}},"image":{"@type":"ImageObject","@id":"https:\/\/www.aspczech.cz\/wp-content\/uploads\/apartman_pAOacI.jpg","url":"https:\/\/www.aspczech.cz\/wp-content\/uploads\/apartman_pAOacI.jpg","height":0,"width":0},"keywords":null},{"@type":"Article","@id":"https:\/\/www.aspczech.cz\/do-berlina-na-svickovou\/","headline":"Do Berl\u00edna na sv\u00ed\u010dkovou","url":"https:\/\/www.aspczech.cz\/do-berlina-na-svickovou\/","datePublished":"2025-03-03","dateModified":"2023-04-26","mainEntityOfPage":"https:\/\/www.aspczech.cz\/do-berlina-na-svickovou\/","author":{"@type":"Person","@id":"https:\/\/www.aspczech.cz\/author\/#Person","name":"aspczech.cz\n","url":"https:\/\/www.aspczech.cz\/author\/","identifier":1,"image":{"@type":"ImageObject","@id":"https:\/\/secure.gravatar.com\/avatar\/40308b9402d145b1dc164f447b6506e9dadca8c8362c3ffb52df95e789c0fd10?s=96&d=mm&r=g","url":"https:\/\/secure.gravatar.com\/avatar\/40308b9402d145b1dc164f447b6506e9dadca8c8362c3ffb52df95e789c0fd10?s=96&d=mm&r=g","height":96,"width":96}},"publisher":{"@type":"Organization","name":"aspczech.cz","logo":{"@type":"ImageObject","@id":"\/logo.png","url":"\/logo.png","width":600,"height":60}},"image":{"@type":"ImageObject","@id":"https:\/\/www.aspczech.cz\/wp-content\/uploads\/img_a300486_w1931_t1510604731.jpg","url":"https:\/\/www.aspczech.cz\/wp-content\/uploads\/img_a300486_w1931_t1510604731.jpg","height":0,"width":0},"keywords":null},{"@type":"Article","@id":"https:\/\/www.aspczech.cz\/dovolena-na-dunaji-pro-vyznavace-zdraveho-zivotniho-stylu\/","headline":"Dovolen\u00e1 na Dunaji pro vyznava\u010de zdrav\u00e9ho \u017eivotn\u00edho stylu","url":"https:\/\/www.aspczech.cz\/dovolena-na-dunaji-pro-vyznavace-zdraveho-zivotniho-stylu\/","datePublished":"2025-03-02","dateModified":"2023-04-26","mainEntityOfPage":"https:\/\/www.aspczech.cz\/dovolena-na-dunaji-pro-vyznavace-zdraveho-zivotniho-stylu\/","author":{"@type":"Person","@id":"https:\/\/www.aspczech.cz\/author\/#Person","name":"aspczech.cz\n","url":"https:\/\/www.aspczech.cz\/author\/","identifier":1,"image":{"@type":"ImageObject","@id":"https:\/\/secure.gravatar.com\/avatar\/40308b9402d145b1dc164f447b6506e9dadca8c8362c3ffb52df95e789c0fd10?s=96&d=mm&r=g","url":"https:\/\/secure.gravatar.com\/avatar\/40308b9402d145b1dc164f447b6506e9dadca8c8362c3ffb52df95e789c0fd10?s=96&d=mm&r=g","height":96,"width":96}},"publisher":{"@type":"Organization","name":"aspczech.cz","logo":{"@type":"ImageObject","@id":"\/logo.png","url":"\/logo.png","width":600,"height":60}},"image":{"@type":"ImageObject","@id":"https:\/\/www.aspczech.cz\/wp-content\/uploads\/img_a339676_w1931_t1552824634.jpg","url":"https:\/\/www.aspczech.cz\/wp-content\/uploads\/img_a339676_w1931_t1552824634.jpg","height":0,"width":0},"keywords":null},{"@type":"Article","@id":"https:\/\/www.aspczech.cz\/romanticke-mesto-trogir-v-chorvatsku\/","headline":"Romantick\u00e9 m\u011bsto Trogir v Chorvatsku","url":"https:\/\/www.aspczech.cz\/romanticke-mesto-trogir-v-chorvatsku\/","datePublished":"2025-03-02","dateModified":"2023-04-26","mainEntityOfPage":"https:\/\/www.aspczech.cz\/romanticke-mesto-trogir-v-chorvatsku\/","author":{"@type":"Person","@id":"https:\/\/www.aspczech.cz\/author\/#Person","name":"aspczech.cz\n","url":"https:\/\/www.aspczech.cz\/author\/","identifier":1,"image":{"@type":"ImageObject","@id":"https:\/\/secure.gravatar.com\/avatar\/40308b9402d145b1dc164f447b6506e9dadca8c8362c3ffb52df95e789c0fd10?s=96&d=mm&r=g","url":"https:\/\/secure.gravatar.com\/avatar\/40308b9402d145b1dc164f447b6506e9dadca8c8362c3ffb52df95e789c0fd10?s=96&d=mm&r=g","height":96,"width":96}},"publisher":{"@type":"Organization","name":"aspczech.cz","logo":{"@type":"ImageObject","@id":"\/logo.png","url":"\/logo.png","width":600,"height":60}},"image":{"@type":"ImageObject","@id":"https:\/\/www.aspczech.cz\/wp-content\/uploads\/img_a293619_w1931_t1505836378.jpg","url":"https:\/\/www.aspczech.cz\/wp-content\/uploads\/img_a293619_w1931_t1505836378.jpg","height":0,"width":0},"keywords":null},{"@type":"Article","@id":"https:\/\/www.aspczech.cz\/tady-konci-svet-tady-konci-kreta\/","headline":"Tady kon\u010d\u00ed sv\u011bt, tady kon\u010d\u00ed Kr\u00e9ta","url":"https:\/\/www.aspczech.cz\/tady-konci-svet-tady-konci-kreta\/","datePublished":"2025-02-25","dateModified":"2023-04-26","mainEntityOfPage":"https:\/\/www.aspczech.cz\/tady-konci-svet-tady-konci-kreta\/","author":{"@type":"Person","@id":"https:\/\/www.aspczech.cz\/author\/#Person","name":"aspczech.cz\n","url":"https:\/\/www.aspczech.cz\/author\/","identifier":1,"image":{"@type":"ImageObject","@id":"https:\/\/secure.gravatar.com\/avatar\/40308b9402d145b1dc164f447b6506e9dadca8c8362c3ffb52df95e789c0fd10?s=96&d=mm&r=g","url":"https:\/\/secure.gravatar.com\/avatar\/40308b9402d145b1dc164f447b6506e9dadca8c8362c3ffb52df95e789c0fd10?s=96&d=mm&r=g","height":96,"width":96}},"publisher":{"@type":"Organization","name":"aspczech.cz","logo":{"@type":"ImageObject","@id":"\/logo.png","url":"\/logo.png","width":600,"height":60}},"image":{"@type":"ImageObject","@id":"https:\/\/www.aspczech.cz\/wp-content\/uploads\/img_a293617_w1931_t1505835794.jpg","url":"https:\/\/www.aspczech.cz\/wp-content\/uploads\/img_a293617_w1931_t1505835794.jpg","height":0,"width":0},"keywords":null},{"@type":"Article","@id":"https:\/\/www.aspczech.cz\/staroveka-italska-matera\/","headline":"Starov\u011bk\u00e1 Italsk\u00e1 Matera","url":"https:\/\/www.aspczech.cz\/staroveka-italska-matera\/","datePublished":"2025-02-24","dateModified":"2023-04-26","mainEntityOfPage":"https:\/\/www.aspczech.cz\/staroveka-italska-matera\/","author":{"@type":"Person","@id":"https:\/\/www.aspczech.cz\/author\/#Person","name":"aspczech.cz\n","url":"https:\/\/www.aspczech.cz\/author\/","identifier":1,"image":{"@type":"ImageObject","@id":"https:\/\/secure.gravatar.com\/avatar\/40308b9402d145b1dc164f447b6506e9dadca8c8362c3ffb52df95e789c0fd10?s=96&d=mm&r=g","url":"https:\/\/secure.gravatar.com\/avatar\/40308b9402d145b1dc164f447b6506e9dadca8c8362c3ffb52df95e789c0fd10?s=96&d=mm&r=g","height":96,"width":96}},"publisher":{"@type":"Organization","name":"aspczech.cz","logo":{"@type":"ImageObject","@id":"\/logo.png","url":"\/logo.png","width":600,"height":60}},"image":{"@type":"ImageObject","@id":"https:\/\/www.aspczech.cz\/wp-content\/uploads\/img_a293618_w1931_t1505836148.jpg","url":"https:\/\/www.aspczech.cz\/wp-content\/uploads\/img_a293618_w1931_t1505836148.jpg","height":0,"width":0},"keywords":null},{"@type":"Article","@id":"https:\/\/www.aspczech.cz\/kdo-se-citi-byt-horalem-nemusi-nutne-vystoupat-na-nejvyssi-hory-evropy\/","headline":"Kdo se c\u00edt\u00ed b\u00fdt horalem, nemus\u00ed nutn\u011b vystoupat na nejvy\u0161\u0161\u00ed hory Evropy","url":"https:\/\/www.aspczech.cz\/kdo-se-citi-byt-horalem-nemusi-nutne-vystoupat-na-nejvyssi-hory-evropy\/","datePublished":"2023-04-12","dateModified":"2023-04-26","mainEntityOfPage":"https:\/\/www.aspczech.cz\/kdo-se-citi-byt-horalem-nemusi-nutne-vystoupat-na-nejvyssi-hory-evropy\/","author":{"@type":"Person","@id":"https:\/\/www.aspczech.cz\/author\/#Person","name":"aspczech.cz\n","url":"https:\/\/www.aspczech.cz\/author\/","identifier":1,"image":{"@type":"ImageObject","@id":"https:\/\/secure.gravatar.com\/avatar\/40308b9402d145b1dc164f447b6506e9dadca8c8362c3ffb52df95e789c0fd10?s=96&d=mm&r=g","url":"https:\/\/secure.gravatar.com\/avatar\/40308b9402d145b1dc164f447b6506e9dadca8c8362c3ffb52df95e789c0fd10?s=96&d=mm&r=g","height":96,"width":96}},"publisher":{"@type":"Organization","name":"aspczech.cz","logo":{"@type":"ImageObject","@id":"\/logo.png","url":"\/logo.png","width":600,"height":60}},"image":{"@type":"ImageObject","@id":"https:\/\/www.aspczech.cz\/wp-content\/uploads\/adrspach-teplice-rocks-g4479781da_640.jpg","url":"https:\/\/www.aspczech.cz\/wp-content\/uploads\/adrspach-teplice-rocks-g4479781da_640.jpg","height":0,"width":0},"keywords":null},{"@type":"Article","@id":"https:\/\/www.aspczech.cz\/nastrahy-na-turisty-ve-vietnamu\/","headline":"N\u00e1strahy na turisty ve Vietnamu","url":"https:\/\/www.aspczech.cz\/nastrahy-na-turisty-ve-vietnamu\/","datePublished":"2022-08-25","dateModified":"2023-04-26","mainEntityOfPage":"https:\/\/www.aspczech.cz\/nastrahy-na-turisty-ve-vietnamu\/","author":{"@type":"Person","@id":"https:\/\/www.aspczech.cz\/author\/#Person","name":"aspczech.cz\n","url":"https:\/\/www.aspczech.cz\/author\/","identifier":1,"image":{"@type":"ImageObject","@id":"https:\/\/secure.gravatar.com\/avatar\/40308b9402d145b1dc164f447b6506e9dadca8c8362c3ffb52df95e789c0fd10?s=96&d=mm&r=g","url":"https:\/\/secure.gravatar.com\/avatar\/40308b9402d145b1dc164f447b6506e9dadca8c8362c3ffb52df95e789c0fd10?s=96&d=mm&r=g","height":96,"width":96}},"publisher":{"@type":"Organization","name":"aspczech.cz","logo":{"@type":"ImageObject","@id":"\/logo.png","url":"\/logo.png","width":600,"height":60}},"image":{"@type":"ImageObject","@id":"https:\/\/www.aspczech.cz\/wp-content\/uploads\/cestovatele_dGVsxg.jpg","url":"https:\/\/www.aspczech.cz\/wp-content\/uploads\/cestovatele_dGVsxg.jpg","height":0,"width":0},"keywords":null},{"@type":"Article","@id":"https:\/\/www.aspczech.cz\/vylet-smerem-italie-aneb-prochazka-po-nejznamejsich-mistech-antiky\/","headline":"V\u00fdlet sm\u011brem It\u00e1lie aneb proch\u00e1zka po nejzn\u00e1m\u011bj\u0161\u00edch m\u00edstech antiky","url":"https:\/\/www.aspczech.cz\/vylet-smerem-italie-aneb-prochazka-po-nejznamejsich-mistech-antiky\/","datePublished":"2022-03-13","dateModified":"2023-04-26","mainEntityOfPage":"https:\/\/www.aspczech.cz\/vylet-smerem-italie-aneb-prochazka-po-nejznamejsich-mistech-antiky\/","author":{"@type":"Person","@id":"https:\/\/www.aspczech.cz\/author\/#Person","name":"aspczech.cz\n","url":"https:\/\/www.aspczech.cz\/author\/","identifier":1,"image":{"@type":"ImageObject","@id":"https:\/\/secure.gravatar.com\/avatar\/40308b9402d145b1dc164f447b6506e9dadca8c8362c3ffb52df95e789c0fd10?s=96&d=mm&r=g","url":"https:\/\/secure.gravatar.com\/avatar\/40308b9402d145b1dc164f447b6506e9dadca8c8362c3ffb52df95e789c0fd10?s=96&d=mm&r=g","height":96,"width":96}},"publisher":{"@type":"Organization","name":"aspczech.cz","logo":{"@type":"ImageObject","@id":"\/logo.png","url":"\/logo.png","width":600,"height":60}},"image":{"@type":"ImageObject","@id":"https:\/\/www.aspczech.cz\/wp-content\/uploads\/Benatky_SCvkry.jpg","url":"https:\/\/www.aspczech.cz\/wp-content\/uploads\/Benatky_SCvkry.jpg","height":0,"width":0},"keywords":null}]}