{"@context":"https:\/\/schema.org\/","@type":"CollectionPage","@id":"https:\/\/www.aspczech.cz\/bydleni\/#CollectionPage","headline":"Bydlen\u00ed Category","description":"","url":"https:\/\/www.aspczech.cz\/bydleni\/","hasPart":[{"@type":"Article","@id":"https:\/\/www.aspczech.cz\/design-do-ktereho-se-zamilujete\/","headline":"Design, do kter\u00e9ho se zamilujete","url":"https:\/\/www.aspczech.cz\/design-do-ktereho-se-zamilujete\/","datePublished":"2021-07-28","dateModified":"2023-08-17","mainEntityOfPage":"https:\/\/www.aspczech.cz\/design-do-ktereho-se-zamilujete\/","author":{"@type":"Person","@id":"https:\/\/www.aspczech.cz\/author\/#Person","name":"aspczech.cz\n","url":"https:\/\/www.aspczech.cz\/author\/","identifier":1,"image":{"@type":"ImageObject","@id":"https:\/\/secure.gravatar.com\/avatar\/40308b9402d145b1dc164f447b6506e9dadca8c8362c3ffb52df95e789c0fd10?s=96&d=mm&r=g","url":"https:\/\/secure.gravatar.com\/avatar\/40308b9402d145b1dc164f447b6506e9dadca8c8362c3ffb52df95e789c0fd10?s=96&d=mm&r=g","height":96,"width":96}},"publisher":{"@type":"Organization","name":"aspczech.cz","logo":{"@type":"ImageObject","@id":"\/logo.png","url":"\/logo.png","width":600,"height":60}},"image":{"@type":"ImageObject","@id":"https:\/\/www.aspczech.cz\/wp-content\/uploads\/O%C5%99ech%201_7Bd6NC.jpg","url":"https:\/\/www.aspczech.cz\/wp-content\/uploads\/O%C5%99ech%201_7Bd6NC.jpg","height":0,"width":0},"keywords":null},{"@type":"Article","@id":"https:\/\/www.aspczech.cz\/fotoramecky-jednoduchy-zpusob-uchovavani-mimoradnych-vzpominek\/","headline":"Fotor\u00e1me\u010dky &#8211; jednoduch\u00fd zp\u016fsob uchov\u00e1v\u00e1n\u00ed mimo\u0159\u00e1dn\u00fdch vzpom\u00ednek","url":"https:\/\/www.aspczech.cz\/fotoramecky-jednoduchy-zpusob-uchovavani-mimoradnych-vzpominek\/","datePublished":"2021-07-23","dateModified":"2023-08-15","mainEntityOfPage":"https:\/\/www.aspczech.cz\/fotoramecky-jednoduchy-zpusob-uchovavani-mimoradnych-vzpominek\/","author":{"@type":"Person","@id":"https:\/\/www.aspczech.cz\/author\/#Person","name":"aspczech.cz\n","url":"https:\/\/www.aspczech.cz\/author\/","identifier":1,"image":{"@type":"ImageObject","@id":"https:\/\/secure.gravatar.com\/avatar\/40308b9402d145b1dc164f447b6506e9dadca8c8362c3ffb52df95e789c0fd10?s=96&d=mm&r=g","url":"https:\/\/secure.gravatar.com\/avatar\/40308b9402d145b1dc164f447b6506e9dadca8c8362c3ffb52df95e789c0fd10?s=96&d=mm&r=g","height":96,"width":96}},"publisher":{"@type":"Organization","name":"aspczech.cz","logo":{"@type":"ImageObject","@id":"\/logo.png","url":"\/logo.png","width":600,"height":60}},"image":{"@type":"ImageObject","@id":"https:\/\/www.aspczech.cz\/wp-content\/uploads\/regal-ksiazka_jKJ6a5.jpg","url":"https:\/\/www.aspczech.cz\/wp-content\/uploads\/regal-ksiazka_jKJ6a5.jpg","height":0,"width":0},"keywords":null},{"@type":"Article","@id":"https:\/\/www.aspczech.cz\/co-byste-meli-vedet-o-stavbe-pristresku-na-drevo\/","headline":"Co byste m\u011bli v\u011bd\u011bt o stavb\u011b p\u0159\u00edst\u0159e\u0161ku na d\u0159evo","url":"https:\/\/www.aspczech.cz\/co-byste-meli-vedet-o-stavbe-pristresku-na-drevo\/","datePublished":"2020-06-20","dateModified":"2023-04-26","mainEntityOfPage":"https:\/\/www.aspczech.cz\/co-byste-meli-vedet-o-stavbe-pristresku-na-drevo\/","author":{"@type":"Person","@id":"https:\/\/www.aspczech.cz\/author\/#Person","name":"aspczech.cz\n","url":"https:\/\/www.aspczech.cz\/author\/","identifier":1,"image":{"@type":"ImageObject","@id":"https:\/\/secure.gravatar.com\/avatar\/40308b9402d145b1dc164f447b6506e9dadca8c8362c3ffb52df95e789c0fd10?s=96&d=mm&r=g","url":"https:\/\/secure.gravatar.com\/avatar\/40308b9402d145b1dc164f447b6506e9dadca8c8362c3ffb52df95e789c0fd10?s=96&d=mm&r=g","height":96,"width":96}},"publisher":{"@type":"Organization","name":"aspczech.cz","logo":{"@type":"ImageObject","@id":"\/logo.png","url":"\/logo.png","width":600,"height":60}},"image":{"@type":"ImageObject","@id":"https:\/\/www.aspczech.cz\/wp-content\/uploads\/img_a381744_w1931_t1592981664.jpg","url":"https:\/\/www.aspczech.cz\/wp-content\/uploads\/img_a381744_w1931_t1592981664.jpg","height":0,"width":0},"keywords":null},{"@type":"Article","@id":"https:\/\/www.aspczech.cz\/efektivni-pohodli-po-vsech-strankach\/","headline":"Efektivn\u00ed pohodl\u00ed po v\u0161ech str\u00e1nk\u00e1ch","url":"https:\/\/www.aspczech.cz\/efektivni-pohodli-po-vsech-strankach\/","datePublished":"2019-12-01","dateModified":"2023-04-26","mainEntityOfPage":"https:\/\/www.aspczech.cz\/efektivni-pohodli-po-vsech-strankach\/","author":{"@type":"Person","@id":"https:\/\/www.aspczech.cz\/author\/#Person","name":"aspczech.cz\n","url":"https:\/\/www.aspczech.cz\/author\/","identifier":1,"image":{"@type":"ImageObject","@id":"https:\/\/secure.gravatar.com\/avatar\/40308b9402d145b1dc164f447b6506e9dadca8c8362c3ffb52df95e789c0fd10?s=96&d=mm&r=g","url":"https:\/\/secure.gravatar.com\/avatar\/40308b9402d145b1dc164f447b6506e9dadca8c8362c3ffb52df95e789c0fd10?s=96&d=mm&r=g","height":96,"width":96}},"publisher":{"@type":"Organization","name":"aspczech.cz","logo":{"@type":"ImageObject","@id":"\/logo.png","url":"\/logo.png","width":600,"height":60}},"image":{"@type":"ImageObject","@id":"https:\/\/www.aspczech.cz\/wp-content\/uploads\/img_a369043_w1931_t1581323454.jpg","url":"https:\/\/www.aspczech.cz\/wp-content\/uploads\/img_a369043_w1931_t1581323454.jpg","height":0,"width":0},"keywords":null},{"@type":"Article","@id":"https:\/\/www.aspczech.cz\/ale-je-zde-problem-mate-spatny-zaznam-v-registru\/","headline":"Ale je zde probl\u00e9m, m\u00e1te \u0161patn\u00fd z\u00e1znam v registru","url":"https:\/\/www.aspczech.cz\/ale-je-zde-problem-mate-spatny-zaznam-v-registru\/","datePublished":"2019-10-08","dateModified":"2023-04-26","mainEntityOfPage":"https:\/\/www.aspczech.cz\/ale-je-zde-problem-mate-spatny-zaznam-v-registru\/","author":{"@type":"Person","@id":"https:\/\/www.aspczech.cz\/author\/#Person","name":"aspczech.cz\n","url":"https:\/\/www.aspczech.cz\/author\/","identifier":1,"image":{"@type":"ImageObject","@id":"https:\/\/secure.gravatar.com\/avatar\/40308b9402d145b1dc164f447b6506e9dadca8c8362c3ffb52df95e789c0fd10?s=96&d=mm&r=g","url":"https:\/\/secure.gravatar.com\/avatar\/40308b9402d145b1dc164f447b6506e9dadca8c8362c3ffb52df95e789c0fd10?s=96&d=mm&r=g","height":96,"width":96}},"publisher":{"@type":"Organization","name":"aspczech.cz","logo":{"@type":"ImageObject","@id":"\/logo.png","url":"\/logo.png","width":600,"height":60}},"image":{"@type":"ImageObject","@id":"https:\/\/www.aspczech.cz\/wp-content\/uploads\/img_a368377_w1931_t1580579022.jpg","url":"https:\/\/www.aspczech.cz\/wp-content\/uploads\/img_a368377_w1931_t1580579022.jpg","height":0,"width":0},"keywords":null},{"@type":"Article","@id":"https:\/\/www.aspczech.cz\/neni-to-jen-o-designu\/","headline":"Nen\u00ed to jen o designu","url":"https:\/\/www.aspczech.cz\/neni-to-jen-o-designu\/","datePublished":"2019-09-02","dateModified":"2023-04-26","mainEntityOfPage":"https:\/\/www.aspczech.cz\/neni-to-jen-o-designu\/","author":{"@type":"Person","@id":"https:\/\/www.aspczech.cz\/author\/#Person","name":"aspczech.cz\n","url":"https:\/\/www.aspczech.cz\/author\/","identifier":1,"image":{"@type":"ImageObject","@id":"https:\/\/secure.gravatar.com\/avatar\/40308b9402d145b1dc164f447b6506e9dadca8c8362c3ffb52df95e789c0fd10?s=96&d=mm&r=g","url":"https:\/\/secure.gravatar.com\/avatar\/40308b9402d145b1dc164f447b6506e9dadca8c8362c3ffb52df95e789c0fd10?s=96&d=mm&r=g","height":96,"width":96}},"publisher":{"@type":"Organization","name":"aspczech.cz","logo":{"@type":"ImageObject","@id":"\/logo.png","url":"\/logo.png","width":600,"height":60}},"image":{"@type":"ImageObject","@id":"https:\/\/www.aspczech.cz\/wp-content\/uploads\/img_a365473_w1931_t1578308026.jpg","url":"https:\/\/www.aspczech.cz\/wp-content\/uploads\/img_a365473_w1931_t1578308026.jpg","height":0,"width":0},"keywords":null},{"@type":"Article","@id":"https:\/\/www.aspczech.cz\/i-nebankovni-hypoteka-je-v-dnesni-dobe-velkou-vyhrou\/","headline":"I nebankovn\u00ed hypot\u00e9ka je v dne\u0161n\u00ed dob\u011b velkou v\u00fdhrou","url":"https:\/\/www.aspczech.cz\/i-nebankovni-hypoteka-je-v-dnesni-dobe-velkou-vyhrou\/","datePublished":"2017-06-27","dateModified":"2023-04-26","mainEntityOfPage":"https:\/\/www.aspczech.cz\/i-nebankovni-hypoteka-je-v-dnesni-dobe-velkou-vyhrou\/","author":{"@type":"Person","@id":"https:\/\/www.aspczech.cz\/author\/#Person","name":"aspczech.cz\n","url":"https:\/\/www.aspczech.cz\/author\/","identifier":1,"image":{"@type":"ImageObject","@id":"https:\/\/secure.gravatar.com\/avatar\/40308b9402d145b1dc164f447b6506e9dadca8c8362c3ffb52df95e789c0fd10?s=96&d=mm&r=g","url":"https:\/\/secure.gravatar.com\/avatar\/40308b9402d145b1dc164f447b6506e9dadca8c8362c3ffb52df95e789c0fd10?s=96&d=mm&r=g","height":96,"width":96}},"publisher":{"@type":"Organization","name":"aspczech.cz","logo":{"@type":"ImageObject","@id":"\/logo.png","url":"\/logo.png","width":600,"height":60}},"image":{"@type":"ImageObject","@id":"https:\/\/www.aspczech.cz\/wp-content\/uploads\/img_a292752_w1931_t1505157487.jpg","url":"https:\/\/www.aspczech.cz\/wp-content\/uploads\/img_a292752_w1931_t1505157487.jpg","height":0,"width":0},"keywords":null}]}